{"item":{"id":937,"titulo":"Altera a Lei n\u00ba 184, de 30 de Outubro de 1958 (Organiza o Sistema Tribut\u00e1rio do munic\u00edpio de Itabaiana) e d\u00e1 outras provid\u00eancias.","numero":"192","categoria_id":1,"aprovada":"1959-06-30 00:00:00","slug":"altera-a-lei-n-184-de-30-de-outubro-de-1958-organiza-o-sistema-tribut-rio-do-munic-pio-de-itabaiana-e-d-outras-provid-ncias","descricao":"\u003Cp class=\u0022t1\u0022\u003ELei n\u0026ordm; 192\u003C\/p\u003E\r\n\u003Cp class=\u0022t1\u0022\u003EDe 30 de Junho de 1959.\u003C\/p\u003E\r\n\u003Cp class=\u0022assunto\u0022\u003EAltera a Lei n\u0026ordm; 184, de 30 de Outubro de 1958 (Organiza o Sistema Tribut\u0026aacute;rio do munic\u0026iacute;pio de Itabaiana) e d\u0026aacute; outras provid\u0026ecirc;ncias.\u003C\/p\u003E\r\n\u003Cp\u003EO Prefeito Municipal de Itabaiana.\u003C\/p\u003E\r\n\u003Cp\u003EFa\u0026ccedil;o saber que a C\u0026acirc;mara de Vereadores deste Munic\u0026iacute;pio de Itabaiana, decretou e eu sanciono a seguinte Lei:\u003C\/p\u003E\r\n\u003Cp\u003EArt.1\u0026ordm; - O Imposto sobre Divers\u0026otilde;es P\u0026uacute;blicas, Tabela V passar\u0026aacute; a ter a seguinte reda\u0026ccedil;\u0026atilde;o:\u0026nbsp;\u003C\/p\u003E\r\n\u003Cp\u003E\u0022O imposto sobre Divers\u0026otilde;es P\u0026uacute;blicas incida a base de 20% (vinte por cento), sobre o pre\u0026ccedil;o dos ingressos em teatros, cinema, concertos, bailes, parques, circos, pelejas ou qualquer divertimento p\u0026uacute;blico, com entrada para que se realize no Munic\u0026iacute;pio, ou em base fixa, sobre qualquer outro divertimento abaixo especificado:\u0026nbsp;\u003C\/p\u003E\r\n\u003Cp\u003E\u0026nbsp;\u003C\/p\u003E\r\n\u003Cdiv\u003E\r\n\u003Ctable style=\u0022width: 560px;\u0022 border=\u00220\u0022 cellspacing=\u00220\u0022\u003E\r\n\u003Ctbody\u003E\r\n\u003Ctr\u003E\r\n\u003Ctd width=\u0022508\u0022 align=\u0022left\u0022\u003E\u003Cspan style=\u0022font-family: Arial; font-size: x-small;\u0022\u003EBaile de festa dan\u0026ccedil;ante, realizado em clube, escola dan\u0026ccedil;ante, hotel, pens\u0026otilde;es, sociedade recreativa ou qualquer outro local, sem entrada paga ou com reserva de mesas para consuma\u0026ccedil;\u0026atilde;o, por dia\u003C\/span\u003E\u003C\/td\u003E\r\n\u003Ctd width=\u002276\u0022 align=\u0022right\u0022 valign=\u0022bottom\u0022\u003E\u003Cspan style=\u0022font-family: Arial; font-size: x-small;\u0022\u003E\u0026nbsp;Cr$ 60,00.\u0026nbsp;\u003C\/span\u003E\u003C\/td\u003E\r\n\u003C\/tr\u003E\r\n\u003Ctr\u003E\r\n\u003Ctd width=\u0022508\u0022 align=\u0022left\u0022\u003E\u003Cspan style=\u0022font-family: Arial; font-size: x-small;\u0022\u003EBaile p\u0026uacute;blico carnavalesco sem entrada paga ou com reserva de mesas em clubes ou teatros, por dia\u003C\/span\u003E\u003C\/td\u003E\r\n\u003Ctd width=\u002276\u0022 align=\u0022right\u0022 valign=\u0022bottom\u0022\u003E\u003Cspan style=\u0022font-family: Arial; font-size: x-small;\u0022\u003E\u0026nbsp;Cr$ 100,00.\u0026nbsp;\u003C\/span\u003E\u003C\/td\u003E\r\n\u003C\/tr\u003E\r\n\u003Ctr\u003E\r\n\u003Ctd width=\u0022508\u0022 align=\u0022left\u0022\u003E\u003Cspan style=\u0022font-family: Arial; font-size: x-small;\u0022\u003EIdem, idem em cabaret ou estabelecimentos cong\u0026ecirc;neres\u003C\/span\u003E\u003C\/td\u003E\r\n\u003Ctd width=\u002276\u0022 align=\u0022right\u0022 valign=\u0022bottom\u0022\u003E\u003Cspan style=\u0022font-family: Arial; font-size: x-small;\u0022\u003E\u0026nbsp;Cr$ 100,00.\u0026nbsp;\u003C\/span\u003E\u003C\/td\u003E\r\n\u003C\/tr\u003E\r\n\u003Ctr\u003E\r\n\u003Ctd width=\u0022508\u0022 align=\u0022left\u0022\u003E\u003Cspan style=\u0022font-family: Arial; font-size: x-small;\u0022\u003EBalan\u0026ccedil;os durante as festas natalinas\u003C\/span\u003E\u003C\/td\u003E\r\n\u003Ctd width=\u002276\u0022 align=\u0022right\u0022 valign=\u0022bottom\u0022\u003E\u003Cspan style=\u0022font-family: Arial; font-size: x-small;\u0022\u003E\u0026nbsp;Cr$ 300,00.\u0026nbsp;\u003C\/span\u003E\u003C\/td\u003E\r\n\u003C\/tr\u003E\r\n\u003Ctr\u003E\r\n\u003Ctd width=\u0022508\u0022 align=\u0022left\u0022\u003E\u003Cspan style=\u0022font-family: Arial; font-size: x-small;\u0022\u003EBancas ou prendas por dia, Cr$ 100,00\u003C\/span\u003E\u003C\/td\u003E\r\n\u003Ctd width=\u002276\u0022 align=\u0022right\u0022 valign=\u0022bottom\u0022\u003E\u003Cspan style=\u0022font-family: Arial; font-size: x-small;\u0022\u003E\u0026nbsp;\u003C\/span\u003E\u003C\/td\u003E\r\n\u003C\/tr\u003E\r\n\u003Ctr\u003E\r\n\u003Ctd width=\u0022508\u0022 align=\u0022left\u0022\u003E\u003Cspan style=\u0022font-family: Arial; font-size: x-small;\u0022\u003EBancas com barrufo ou semelhante, por dia\u003C\/span\u003E\u003C\/td\u003E\r\n\u003Ctd width=\u002276\u0022 align=\u0022right\u0022 valign=\u0022bottom\u0022\u003E\u003Cspan style=\u0022font-family: Arial; font-size: x-small;\u0022\u003E\u0026nbsp;Cr$ 50,00.\u0026nbsp;\u003C\/span\u003E\u003C\/td\u003E\r\n\u003C\/tr\u003E\r\n\u003Ctr\u003E\r\n\u003Ctd width=\u0022508\u0022 align=\u0022left\u0022\u003E\u003Cspan style=\u0022font-family: Arial; font-size: x-small;\u0022\u003EBazar, por dia\u003C\/span\u003E\u003C\/td\u003E\r\n\u003Ctd width=\u002276\u0022 align=\u0022right\u0022 valign=\u0022bottom\u0022\u003E\u003Cspan style=\u0022font-family: Arial; font-size: x-small;\u0022\u003E\u0026nbsp;Cr$ 100,00.\u0026nbsp;\u003C\/span\u003E\u003C\/td\u003E\r\n\u003C\/tr\u003E\r\n\u003Ctr\u003E\r\n\u003Ctd width=\u0022508\u0022 align=\u0022left\u0022\u003E\u003Cspan style=\u0022font-family: Arial; font-size: x-small;\u0022\u003ECasas de divers\u0026atilde;o, por ano\u003C\/span\u003E\u003C\/td\u003E\r\n\u003Ctd width=\u002276\u0022 align=\u0022right\u0022 valign=\u0022bottom\u0022\u003E\u003Cspan style=\u0022font-family: Arial; font-size: x-small;\u0022\u003E\u0026nbsp;Cr$ 1.000,00\u0026nbsp;\u003C\/span\u003E\u003C\/td\u003E\r\n\u003C\/tr\u003E\r\n\u003Ctr\u003E\r\n\u003Ctd width=\u0022508\u0022 align=\u0022left\u0022\u003E\u003Cspan style=\u0022font-family: Arial; font-size: x-small;\u0022\u003ERoda Gigante, sombrinhas, balan\u0026ccedil;os, cavalinhos, por aparelho e por festejo\u003C\/span\u003E\u003C\/td\u003E\r\n\u003Ctd width=\u002276\u0022 align=\u0022right\u0022 valign=\u0022bottom\u0022\u003E\u003Cspan style=\u0022font-family: Arial; font-size: x-small;\u0022\u003E\u0026nbsp;Cr$ 100,00.\u0026nbsp;\u003C\/span\u003E\u003C\/td\u003E\r\n\u003C\/tr\u003E\r\n\u003Ctr\u003E\r\n\u003Ctd width=\u0022508\u0022 align=\u0022left\u0022\u003E\u003Cspan style=\u0022font-family: Arial; font-size: x-small;\u0022\u003EParque de divers\u0026otilde;es, por dia\u003C\/span\u003E\u003C\/td\u003E\r\n\u003Ctd width=\u002276\u0022 align=\u0022right\u0022 valign=\u0022bottom\u0022\u003E\u003Cspan style=\u0022font-family: Arial; font-size: x-small;\u0022\u003E\u0026nbsp;Cr$ 1.000,00\u003C\/span\u003E\u003C\/td\u003E\r\n\u003Ctd width=\u00224\u0022\u003E\u0026nbsp;\u003C\/td\u003E\r\n\u003C\/tr\u003E\r\n\u003Ctr\u003E\r\n\u003Ctd width=\u0022508\u0022 align=\u0022left\u0022\u003E\u003Cspan style=\u0022font-family: Arial; font-size: x-small;\u0022\u003ETiro ao alvo, jogo de argolas, durante as festas natalinas\u003C\/span\u003E\u003C\/td\u003E\r\n\u003Ctd width=\u002276\u0022 align=\u0022right\u0022 valign=\u0022bottom\u0022\u003E\u003Cspan style=\u0022font-family: Arial; font-size: x-small;\u0022\u003E\u0026nbsp;Cr$ 200,00.\u0026nbsp;\u003C\/span\u003E\u003C\/td\u003E\r\n\u003C\/tr\u003E\r\n\u003Ctr\u003E\r\n\u003Ctd width=\u0022508\u0022 align=\u0022left\u0022\u003E\u003Cspan style=\u0022font-family: Arial; font-size: x-small;\u0022\u003ENota: o Imposto de Divers\u0026otilde;es de outro qualquer g\u0026ecirc;nero n\u0026atilde;o especificado, ser\u0026aacute; cobrado na base de cada, por dia\u003C\/span\u003E\u003C\/td\u003E\r\n\u003Ctd width=\u002276\u0022 align=\u0022right\u0022 valign=\u0022bottom\u0022\u003E\u003Cspan style=\u0022font-family: Arial; font-size: x-small;\u0022\u003E\u0026nbsp;Cr$ 100,00.\u003C\/span\u003E\u003C\/td\u003E\r\n\u003C\/tr\u003E\r\n\u003C\/tbody\u003E\r\n\u003C\/table\u003E\r\n\u003C\/div\u003E\r\n\u003Cp\u003EArt. 2\u0026ordm; - Esta Lei entrar\u0026aacute; em vigor na data de sua publica\u0026ccedil;\u0026atilde;o, revogadas as disposi\u0026ccedil;\u0026otilde;es em contr\u0026aacute;rio.\u003C\/p\u003E\r\n\u003Cp\u003EGabinete do Prefeito Municipal de Itabaiana, em 30 de Junho de 1959.\u003C\/p\u003E\r\n\u003Cp\u003E\u0026nbsp;\u003C\/p\u003E\r\n\u003Cp\u003EEuclides Paes Mendon\u0026ccedil;a\u0026nbsp;\u003C\/p\u003E\r\n\u003Cp\u003EPrefeito Municipal\u003C\/p\u003E\r\n\u003Cp\u003EEl\u0026iacute;zio Ara\u0026uacute;jo\u003C\/p\u003E\r\n\u003Cp\u003ESecret\u0026aacute;rio\u003C\/p\u003E\r\n\u003Cp\u003E\u0026nbsp;\u003C\/p\u003E","criado":"1959-06-30 00:00:00","alterado":"1959-06-30 00:00:00"},"outros":[{"id":4165,"titulo":"Resolu\u00e7\u00e3o N\u00ba 02\/2026. Disp\u00f5e sobre a aplica\u00e7\u00e3o da Lei Federal n\u00b0 14.129, de 29 de mar\u00e7o de 2021 (Lei do Governo Digital), no \u00e2mbito da C\u00e2mara Municipal de ltabaiana\/SE.","numero":"02\/2026","categoria_id":5,"slug":"resolucao-no-02-2026-dispoe-sobre-a-aplicacao-da-lei-federal-n0-14-129-de-29-de-marco-de-2021-lei-do-governo-digital-no-ambito-da-camara-municipal-de-ltabaiana-se","descricao":"\u003Cp\u003EDisp\u0026otilde;e sobre a aplica\u0026ccedil;\u0026atilde;o da Lei Federal n\u0026deg; 14.129, de 29 de mar\u0026ccedil;o de 2021 (Lei do Governo Digital), no \u0026acirc;mbito da C\u0026acirc;mara Municipal de ltabaiana\/SE.\u003C\/p\u003E","tags":"governo,digital,itabaiana","criado":"2026-04-23 12:34:51","alterado":"2026-04-23 12:44:11"},{"id":4164,"titulo":"Portarias - Ano 2023","numero":"2023","categoria_id":10,"slug":"portarias-ano-2023","descricao":"\u003Cp\u003EPortarias - Ano 2023\u003C\/p\u003E","criado":"2026-04-23 12:30:17","alterado":"2026-04-23 12:47:38"},{"id":4163,"titulo":"Resolu\u00e7\u00e3o N\u00ba 01\/2026. Disp\u00f5e sobre a aprova\u00e7\u00e3o do Plano lnstitucional Estrat\u00e9gico da C\u00e2mara Municipal de ltabaiana\/SE e d\u00e1 outras provid\u00eancias.","numero":"01\/2026","categoria_id":5,"slug":"resolucao-no-01-2026-dispoe-sobre-a-aprovacao-do-plano-lnstitucional-estrategico-da-camara-municipal-de-ltabaiana-se-e-da-outras-providencias","descricao":"\u003Cp\u003EDisp\u0026otilde;e sobre a aprova\u0026ccedil;\u0026atilde;o do Plano lnstitucional Estrat\u0026eacute;gico da C\u0026acirc;mara Municipal de ltabaiana\/SE e d\u0026aacute; outras provid\u0026ecirc;ncias.\u003C\/p\u003E","tags":"plano,institucional,camara,municipal","criado":"2026-04-23 12:26:41","alterado":"2026-04-23 12:43:46"}],"arquivos":[]}