{"item":{"id":834,"titulo":"Autoriza a execu\u00e7\u00e3o das obras de cal\u00e7amento a paralelep\u00edpedos, meio fios em ruas dessa cidade e d\u00e1 outras provid\u00eancias","numero":"107","categoria_id":1,"aprovada":"1953-11-09 00:00:00","slug":"autoriza-a-execu-o-das-obras-de-cal-amento-a-paralelep-pedos-meio-fios-em-ruas-dessa-cidade-e-d-outras-provid-ncias","descricao":"\u003Cp\u003ELei n\u0026ordm; 107\u003C\/p\u003E\r\n\u003Cp\u003EDe 09 de Novembro de 1953\u003C\/p\u003E\r\n\u003Cp\u003E\u0026nbsp;\u003C\/p\u003E\r\n\u003Cp\u003EAutoriza a execu\u0026ccedil;\u0026atilde;o das obras de cal\u0026ccedil;amento a paralelep\u0026iacute;pedos, meio fios em ruas dessa cidade e d\u0026aacute; outras provid\u0026ecirc;ncias.\u003C\/p\u003E\r\n\u003Cp\u003E\u0026nbsp;\u003C\/p\u003E\r\n\u003Cp\u003EO Prefeito Municipal de Itabaiana,\u003C\/p\u003E\r\n\u003Cp\u003EFaz saber que a C\u0026acirc;mara de Vereadores do Munic\u0026iacute;pio decretou, e eu, em nome do povo sanciono a seguinte Lei:\u003C\/p\u003E\r\n\u003Cp\u003EArt. 1\u0026ordm; - Fica o Prefeito Municipal autorizado a executar o cal\u0026ccedil;amento e meio-fios da Travessa Municipal, ou seja, Beco dos Cocos, Instala\u0026ccedil;\u0026atilde;o de uma l\u0026acirc;mpada no centro daquele logradouro, podendo para este fim dispender at\u0026eacute; a import\u0026acirc;ncia de dez mil cruzeiros (Cr$ 10.000,00).\u003C\/p\u003E\r\n\u003Cp\u003EArt. 2\u0026ordm; - A despesa com a execu\u0026ccedil;\u0026atilde;o das obras de que trata o artigo anterior correr\u0026aacute; por conta de dota\u0026ccedil;\u0026otilde;es a serem inclu\u0026iacute;das no or\u0026ccedil;amento do pr\u0026oacute;ximo exerc\u0026iacute;cio\u003C\/p\u003E\r\n\u003Cp\u003EArt. 3\u0026ordm; - Esta Lei entrar\u0026aacute; em vigor na data de sua publica\u0026ccedil;\u0026atilde;o, \u00221\u0026ordm; de janeiro de 1954\u0022, revogadas as disposi\u0026ccedil;\u0026otilde;es em contr\u0026aacute;rio.\u003C\/p\u003E\r\n\u003Cp\u003EGabinete do Prefeito Municipal de Itabaiana, em 09 de novembro de 1953.\u003C\/p\u003E\r\n\u003Cp\u003E\u0026nbsp;\u003C\/p\u003E\r\n\u003Cp\u003EEuclides Paes Mendon\u0026ccedil;a\u003C\/p\u003E\r\n\u003Cp\u003EPrefeito\u003C\/p\u003E\r\n\u003Cp\u003EMaria Almeida Noronha\u003C\/p\u003E\r\n\u003Cp\u003ESecret\u0026aacute;ria Substituta\u003C\/p\u003E\r\n\u003Cp\u003E\u0026nbsp;\u003C\/p\u003E","criado":"1953-11-09 00:00:00","alterado":"1953-11-09 00:00:00"},"outros":[{"id":4165,"titulo":"Resolu\u00e7\u00e3o N\u00ba 02\/2026. Disp\u00f5e sobre a aplica\u00e7\u00e3o da Lei Federal n\u00b0 14.129, de 29 de mar\u00e7o de 2021 (Lei do Governo Digital), no \u00e2mbito da C\u00e2mara Municipal de ltabaiana\/SE.","numero":"02\/2026","categoria_id":5,"slug":"resolucao-no-02-2026-dispoe-sobre-a-aplicacao-da-lei-federal-n0-14-129-de-29-de-marco-de-2021-lei-do-governo-digital-no-ambito-da-camara-municipal-de-ltabaiana-se","descricao":"\u003Cp\u003EDisp\u0026otilde;e sobre a aplica\u0026ccedil;\u0026atilde;o da Lei Federal n\u0026deg; 14.129, de 29 de mar\u0026ccedil;o de 2021 (Lei do Governo Digital), no \u0026acirc;mbito da C\u0026acirc;mara Municipal de ltabaiana\/SE.\u003C\/p\u003E","tags":"governo,digital,itabaiana","criado":"2026-04-23 12:34:51","alterado":"2026-04-23 12:44:11"},{"id":4164,"titulo":"Portarias - Ano 2023","numero":"2023","categoria_id":10,"slug":"portarias-ano-2023","descricao":"\u003Cp\u003EPortarias - Ano 2023\u003C\/p\u003E","criado":"2026-04-23 12:30:17","alterado":"2026-04-23 12:47:38"},{"id":4163,"titulo":"Resolu\u00e7\u00e3o N\u00ba 01\/2026. Disp\u00f5e sobre a aprova\u00e7\u00e3o do Plano lnstitucional Estrat\u00e9gico da C\u00e2mara Municipal de ltabaiana\/SE e d\u00e1 outras provid\u00eancias.","numero":"01\/2026","categoria_id":5,"slug":"resolucao-no-01-2026-dispoe-sobre-a-aprovacao-do-plano-lnstitucional-estrategico-da-camara-municipal-de-ltabaiana-se-e-da-outras-providencias","descricao":"\u003Cp\u003EDisp\u0026otilde;e sobre a aprova\u0026ccedil;\u0026atilde;o do Plano lnstitucional Estrat\u0026eacute;gico da C\u0026acirc;mara Municipal de ltabaiana\/SE e d\u0026aacute; outras provid\u0026ecirc;ncias.\u003C\/p\u003E","tags":"plano,institucional,camara,municipal","criado":"2026-04-23 12:26:41","alterado":"2026-04-23 12:43:46"}],"arquivos":[]}