{"item":{"id":934,"titulo":"Faz altera\u00e7\u00e3o no art. 1\u00ba da Lei n\u00ba 165, de 28 de Fevereiro de 1958, com refer\u00eancia a subven\u00e7\u00e3o concedida \u00e0s escolas particulares da Zona Rural.","numero":"189","categoria_id":1,"aprovada":"1959-06-26 00:00:00","slug":"faz-altera-o-no-art-1-da-lei-n-165-de-28-de-fevereiro-de-1958-com-refer-ncia-a-subven-o-concedida-s-escolas-particulares-da-zona-rural","descricao":"\u003Cp class=\u0022t1\u0022\u003ELei n\u0026ordm; 189\u003C\/p\u003E\r\n\u003Cp class=\u0022t1\u0022\u003EDe 26 de Junho de 1959.\u003C\/p\u003E\r\n\u003Cp\u003E\u0026nbsp;\u003C\/p\u003E\r\n\u003Cp class=\u0022assunto\u0022\u003EFaz altera\u0026ccedil;\u0026atilde;o no art. 1\u0026ordm; da Lei n\u0026ordm; 165, de 28 de Fevereiro de 1958, com refer\u0026ecirc;ncia a subven\u0026ccedil;\u0026atilde;o concedida \u0026agrave;s escolas particulares da Zona Rural.\u003C\/p\u003E\r\n\u003Cp\u003E\u0026nbsp;\u003C\/p\u003E\r\n\u003Cp\u003EO Prefeito Municipal de Itabaiana.\u003C\/p\u003E\r\n\u003Cp\u003EFa\u0026ccedil;o saber que a C\u0026acirc;mara de Vereadores deste Munic\u0026iacute;pio de Itabaiana, decretou e eu sanciono a seguinte Lei:\u003C\/p\u003E\r\n\u003Cp\u003EArt.1\u0026ordm; - Fica autorizado o Poder Executivo a aumentar a subven\u0026ccedil;\u0026atilde;o aos professores das escolas Rurais deste Munic\u0026iacute;pio, subvencionadas por esta Prefeitura.\u003C\/p\u003E\r\n\u003Cp\u003EArt. 2\u0026ordm; - A referida subven\u0026ccedil;\u0026atilde;o que era de Cr$ 300,00 a Cr$ 400,00 passar\u0026aacute; a ser de Cr$ 400,00 a Cr$ 600,00, ficando o aumento a ser concedido de Cr$ 400,00 em diante, a crit\u0026eacute;rio do Poder Executivo, ao professor, por merecimento na sua fun\u0026ccedil;\u0026atilde;o.\u003C\/p\u003E\r\n\u003Cp\u003EArt. 3\u0026ordm; - A presente Lei entrar\u0026aacute; em vigor na data de sua publica\u0026ccedil;\u0026atilde;o, revogadas as disposi\u0026ccedil;\u0026otilde;es em contr\u0026aacute;rio.\u003C\/p\u003E\r\n\u003Cp\u003EGabinete do Prefeito Municipal de Itabaiana, em 26 de Junho de 1959.\u003C\/p\u003E\r\n\u003Cp\u003E\u0026nbsp;\u003C\/p\u003E\r\n\u003Cp\u003EEuclides Paes Mendon\u0026ccedil;a\u0026nbsp;\u003C\/p\u003E\r\n\u003Cp\u003EPrefeito Municipal\u003C\/p\u003E\r\n\u003Cp\u003EEl\u0026iacute;zio Ara\u0026uacute;jo\u003C\/p\u003E\r\n\u003Cp\u003ESecret\u0026aacute;rio\u003C\/p\u003E\r\n\u003Cp\u003E\u0026nbsp;\u003C\/p\u003E","criado":"1959-06-26 00:00:00","alterado":"1959-06-26 00:00:00"},"outros":[{"id":4165,"titulo":"Resolu\u00e7\u00e3o N\u00ba 02\/2026. Disp\u00f5e sobre a aplica\u00e7\u00e3o da Lei Federal n\u00b0 14.129, de 29 de mar\u00e7o de 2021 (Lei do Governo Digital), no \u00e2mbito da C\u00e2mara Municipal de ltabaiana\/SE.","numero":"02\/2026","categoria_id":5,"slug":"resolucao-no-02-2026-dispoe-sobre-a-aplicacao-da-lei-federal-n0-14-129-de-29-de-marco-de-2021-lei-do-governo-digital-no-ambito-da-camara-municipal-de-ltabaiana-se","descricao":"\u003Cp\u003EDisp\u0026otilde;e sobre a aplica\u0026ccedil;\u0026atilde;o da Lei Federal n\u0026deg; 14.129, de 29 de mar\u0026ccedil;o de 2021 (Lei do Governo Digital), no \u0026acirc;mbito da C\u0026acirc;mara Municipal de ltabaiana\/SE.\u003C\/p\u003E","tags":"governo,digital,itabaiana","criado":"2026-04-23 12:34:51","alterado":"2026-04-23 12:44:11"},{"id":4164,"titulo":"Portarias - Ano 2023","numero":"2023","categoria_id":10,"slug":"portarias-ano-2023","descricao":"\u003Cp\u003EPortarias - Ano 2023\u003C\/p\u003E","criado":"2026-04-23 12:30:17","alterado":"2026-04-23 12:47:38"},{"id":4163,"titulo":"Resolu\u00e7\u00e3o N\u00ba 01\/2026. Disp\u00f5e sobre a aprova\u00e7\u00e3o do Plano lnstitucional Estrat\u00e9gico da C\u00e2mara Municipal de ltabaiana\/SE e d\u00e1 outras provid\u00eancias.","numero":"01\/2026","categoria_id":5,"slug":"resolucao-no-01-2026-dispoe-sobre-a-aprovacao-do-plano-lnstitucional-estrategico-da-camara-municipal-de-ltabaiana-se-e-da-outras-providencias","descricao":"\u003Cp\u003EDisp\u0026otilde;e sobre a aprova\u0026ccedil;\u0026atilde;o do Plano lnstitucional Estrat\u0026eacute;gico da C\u0026acirc;mara Municipal de ltabaiana\/SE e d\u0026aacute; outras provid\u0026ecirc;ncias.\u003C\/p\u003E","tags":"plano,institucional,camara,municipal","criado":"2026-04-23 12:26:41","alterado":"2026-04-23 12:43:46"}],"arquivos":[]}