{"item":{"id":940,"titulo":"Or\u00e7a a receita e fixa a despesa do Munic\u00edpio de Itabaiana, para o exerc\u00edcio de 1960.","numero":"195","categoria_id":1,"aprovada":"1959-10-30 00:00:00","slug":"or-a-a-receita-e-fixa-a-despesa-do-munic-pio-de-itabaiana-para-o-exerc-cio-de-1960","descricao":"\u003Cp class=\u0022t1\u0022\u003ELei N\u0026ordm; 195\u003C\/p\u003E\r\n\u003Cp class=\u0022t1\u0022\u003EDe 30 de outubro de 1959.\u003C\/p\u003E\r\n\u003Cp\u003E\u0026nbsp;\u003C\/p\u003E\r\n\u003Cp class=\u0022assunto\u0022\u003EOr\u0026ccedil;a a receita e fixa a despesa do Munic\u0026iacute;pio de Itabaiana, para o exerc\u0026iacute;cio de 1960.\u003C\/p\u003E\r\n\u003Cp\u003E\u0026nbsp;\u003C\/p\u003E\r\n\u003Cp\u003EO prefeito Municipal de Itabaiana do Estado de Sergipe. Faz saber que a C\u0026acirc;mara de Vereadores deste Munic\u0026iacute;pio decretou e eu sanciono a seguinte Lei:\u0026nbsp;\u003C\/p\u003E\r\n\u003Cp\u003E\u0026nbsp;\u003C\/p\u003E\r\n\u003Cp class=\u0022t1a\u0022 align=\u0022center\u0022\u003ECAP\u0026Iacute;TULO I\u003C\/p\u003E\r\n\u003Cp class=\u0022t1a\u0022 align=\u0022center\u0022\u003EDo Or\u0026ccedil;amento Geral\u0026nbsp;\u003C\/p\u003E\r\n\u003Cp\u003EArt. 1\u0026ordm; - Ficam or\u0026ccedil;adas e fixadas para o exerc\u0026iacute;cio financeiro de 1960, respectivamente, as seguintes receitas e despesas:\u003C\/p\u003E\r\n\u003Cdiv\u003E\r\n\u003Ctable style=\u0022width: 360px;\u0022 border=\u00220\u0022 cellspacing=\u00220\u0022\u003E\r\n\u003Ctbody\u003E\r\n\u003Ctr\u003E\r\n\u003Ctd align=\u0022left\u0022\u003E\r\n\u003Cp style=\u0022margin-left: 5px;\u0022 align=\u0022center\u0022\u003EHist\u0026oacute;rico\u003C\/p\u003E\r\n\u003C\/td\u003E\r\n\u003Ctd\u003E\r\n\u003Cp\u003ETotais Cr$\u0026nbsp;\u003C\/p\u003E\r\n\u003C\/td\u003E\r\n\u003C\/tr\u003E\r\n\u003Ctr\u003E\r\n\u003Ctd align=\u0022left\u0022\u003E\r\n\u003Cp style=\u0022margin-left: 5px;\u0022\u003EA - Receita Geral\u003C\/p\u003E\r\n\u003C\/td\u003E\r\n\u003Ctd align=\u0022right\u0022\u003E\r\n\u003Cp\u003E5.000.000,00\u0026nbsp;\u003C\/p\u003E\r\n\u003C\/td\u003E\r\n\u003C\/tr\u003E\r\n\u003Ctr\u003E\r\n\u003Ctd align=\u0022left\u0022\u003E\r\n\u003Cp style=\u0022text-indent: 34px; margin-left: 5px;\u0022\u003E1 - Ordin\u0026aacute;ria\u003C\/p\u003E\r\n\u003C\/td\u003E\r\n\u003Ctd align=\u0022right\u0022\u003E\r\n\u003Cp\u003E4.500.000,00\u0026nbsp;\u003C\/p\u003E\r\n\u003C\/td\u003E\r\n\u003C\/tr\u003E\r\n\u003Ctr\u003E\r\n\u003Ctd align=\u0022left\u0022\u003E\r\n\u003Cp style=\u0022text-indent: 34px; margin-left: 5px;\u0022\u003E2 - Extraordin\u0026aacute;ria\u003C\/p\u003E\r\n\u003C\/td\u003E\r\n\u003Ctd align=\u0022right\u0022\u003E\r\n\u003Cp\u003E500.000,00\u0026nbsp;\u003C\/p\u003E\r\n\u003C\/td\u003E\r\n\u003C\/tr\u003E\r\n\u003Ctr\u003E\r\n\u003Ctd align=\u0022left\u0022\u003E\r\n\u003Cp style=\u0022margin-left: 5px;\u0022\u003EMuta\u0026ccedil;\u0026otilde;es patrimoniais\u003C\/p\u003E\r\n\u003C\/td\u003E\r\n\u003Ctd align=\u0022right\u0022\u003E\r\n\u003Cp\u003E300.000,00\u0026nbsp;\u003C\/p\u003E\r\n\u003C\/td\u003E\r\n\u003C\/tr\u003E\r\n\u003Ctr\u003E\r\n\u003Ctd align=\u0022left\u0022\u003E\r\n\u003Cp style=\u0022margin-left: 5px;\u0022\u003EB - Despesa Geral\u003C\/p\u003E\r\n\u003C\/td\u003E\r\n\u003Ctd align=\u0022right\u0022\u003E\r\n\u003Cp\u003E5.000.000,00\u0026nbsp;\u003C\/p\u003E\r\n\u003C\/td\u003E\r\n\u003C\/tr\u003E\r\n\u003Ctr\u003E\r\n\u003Ctd align=\u0022left\u0022\u003E\r\n\u003Cp style=\u0022margin-left: 5px;\u0022\u003EOrdin\u0026aacute;ria\u003C\/p\u003E\r\n\u003C\/td\u003E\r\n\u003Ctd align=\u0022right\u0022\u003E\r\n\u003Cp\u003E3.989.000,00\u0026nbsp;\u003C\/p\u003E\r\n\u003C\/td\u003E\r\n\u003C\/tr\u003E\r\n\u003Ctr\u003E\r\n\u003Ctd align=\u0022left\u0022\u003E\r\n\u003Cp style=\u0022text-indent: 34px; margin-left: 5px;\u0022\u003E1 - Fixa\u003C\/p\u003E\r\n\u003C\/td\u003E\r\n\u003Ctd align=\u0022right\u0022\u003E\r\n\u003Cp\u003E2.558.000,00\u0026nbsp;\u003C\/p\u003E\r\n\u003C\/td\u003E\r\n\u003C\/tr\u003E\r\n\u003Ctr\u003E\r\n\u003Ctd align=\u0022left\u0022\u003E\r\n\u003Cp style=\u0022text-indent: 34px; margin-left: 5px;\u0022\u003E2 - Vari\u0026aacute;vel\u003C\/p\u003E\r\n\u003C\/td\u003E\r\n\u003Ctd align=\u0022right\u0022\u003E\r\n\u003Cp\u003E1.431.000,00\u0026nbsp;\u003C\/p\u003E\r\n\u003C\/td\u003E\r\n\u003C\/tr\u003E\r\n\u003Ctr\u003E\r\n\u003Ctd align=\u0022left\u0022\u003E\r\n\u003Cp style=\u0022margin-left: 5px;\u0022\u003EMuta\u0026ccedil;\u0026otilde;es patrimoniais\u003C\/p\u003E\r\n\u003C\/td\u003E\r\n\u003Ctd align=\u0022right\u0022\u003E\r\n\u003Cp\u003E1.011.000,00\u003C\/p\u003E\r\n\u003C\/td\u003E\r\n\u003C\/tr\u003E\r\n\u003C\/tbody\u003E\r\n\u003C\/table\u003E\r\n\u003C\/div\u003E\r\n\u003Cp\u003E\u0026nbsp;\u003C\/p\u003E\r\n\u003Cp class=\u0022t1a\u0022 align=\u0022center\u0022\u003ECAP\u0026Iacute;TULO II\u0026nbsp;\u003C\/p\u003E\r\n\u003Cp\u003EArt 2\u0026ordm; A Receita Geral o Munic\u0026iacute;pio de Itabaiana, para o exerc\u0026iacute;cio de 1957, \u0026eacute; or\u0026ccedil;ada em dois milh\u0026otilde;es e duzentos e cinq\u0026uuml;enta mil cruzeiros cr$2.250.000,00, e ser\u0026aacute; arrecadada de conformidade com a Legisla\u0026ccedil;\u0026atilde;o em vigor, obedecendo \u0026agrave; seguinte classifica\u0026ccedil;\u0026atilde;o:\u003C\/p\u003E\r\n\u003Cp\u003E\u003Ca href=\u0022http:\/\/cmitabaiana.se.gov.br\/gestao\/ANEXOS\/Or\u0026ccedil;Rec1960.pdf\u0022 target=\u0022_blank\u0022\u003E(clique aqui para ver)\u003C\/a\u003E\u003C\/p\u003E\r\n\u003Cp\u003ETodos os impostos, taxas e demais tributos, ser\u0026atilde;o cobrados de acordo com as Leis desta municipalidade em vigor, que regem a esp\u0026eacute;cie, j\u0026aacute; oficializados.\u003C\/p\u003E\r\n\u003Cp\u003E\u0026nbsp;\u003C\/p\u003E\r\n\u003Cp class=\u0022t1a\u0022 align=\u0022center\u0022\u003ECAP\u0026Iacute;TULO III\u003C\/p\u003E\r\n\u003Cp class=\u0022t1a\u0022 align=\u0022center\u0022\u003EDa Despesa Geral\u0026nbsp;\u003C\/p\u003E\r\n\u003Cp\u003EArt. 3\u0026ordm; - A Despesa Geral do Munic\u0026iacute;pio de Itabaiana, para o exerc\u0026iacute;cio de 1957, \u0026eacute; fixada em dois milh\u0026otilde;es e duzentos e cinq\u0026uuml;enta mil cruzeiros cr$2.250.000,00, de acordo com \u0026agrave; seguinte classifica\u0026ccedil;\u0026atilde;o:\u003C\/p\u003E\r\n\u003Cp\u003E\u003Ca href=\u0022http:\/\/cmitabaiana.se.gov.br\/gestao\/ANEXOS\/Or\u0026ccedil;Desp1960.pdf\u0022 target=\u0022_blank\u0022\u003E(clique aqui para ver)\u003C\/a\u003E\u003C\/p\u003E\r\n\u003Cp\u003EArt. 4 \u0026ordm; - Fica o Prefeito autorizado a utilizar-se do saldo, no caso de super\u0026aacute;vit ou a realizar as opera\u0026ccedil;\u0026otilde;es de cr\u0026eacute;dito necess\u0026aacute;rias no caso de d\u0026eacute;ficit, uma e outra sujeitas a exames a aprova\u0026ccedil;\u0026atilde;o dos poderes competentes.\u003C\/p\u003E\r\n\u003Cp\u003EArt. 5\u0026ordm; - Esta Lei entrar\u0026aacute; em vigor a 1\u0026ordm; de janeiro de 1960, revogadas as disposi\u0026ccedil;\u0026otilde;es em contr\u0026aacute;rio.\u003C\/p\u003E\r\n\u003Cp\u003EGabinete do Prefeito Municipal de Itabaiana, 30 de outubro de 1959.\u003C\/p\u003E\r\n\u003Cp\u003E\u0026nbsp;\u003C\/p\u003E\r\n\u003Cp\u003EEuclides Paes Mendon\u0026ccedil;a\u0026nbsp;\u003C\/p\u003E\r\n\u003Cp\u003EPrefeito Municipal\u003C\/p\u003E\r\n\u003Cp\u003EEl\u0026iacute;zio Ara\u0026uacute;jo\u003C\/p\u003E\r\n\u003Cp\u003ESecret\u0026aacute;rio\u003C\/p\u003E\r\n\u003Cp\u003E\u0026nbsp;\u003C\/p\u003E","criado":"1959-10-30 00:00:00","alterado":"1959-10-30 00:00:00"},"outros":[{"id":4165,"titulo":"Resolu\u00e7\u00e3o N\u00ba 02\/2026. Disp\u00f5e sobre a aplica\u00e7\u00e3o da Lei Federal n\u00b0 14.129, de 29 de mar\u00e7o de 2021 (Lei do Governo Digital), no \u00e2mbito da C\u00e2mara Municipal de ltabaiana\/SE.","numero":"02\/2026","categoria_id":5,"slug":"resolucao-no-02-2026-dispoe-sobre-a-aplicacao-da-lei-federal-n0-14-129-de-29-de-marco-de-2021-lei-do-governo-digital-no-ambito-da-camara-municipal-de-ltabaiana-se","descricao":"\u003Cp\u003EDisp\u0026otilde;e sobre a aplica\u0026ccedil;\u0026atilde;o da Lei Federal n\u0026deg; 14.129, de 29 de mar\u0026ccedil;o de 2021 (Lei do Governo Digital), no \u0026acirc;mbito da C\u0026acirc;mara Municipal de ltabaiana\/SE.\u003C\/p\u003E","tags":"governo,digital,itabaiana","criado":"2026-04-23 12:34:51","alterado":"2026-04-23 12:44:11"},{"id":4164,"titulo":"Portarias - Ano 2023","numero":"2023","categoria_id":10,"slug":"portarias-ano-2023","descricao":"\u003Cp\u003EPortarias - Ano 2023\u003C\/p\u003E","criado":"2026-04-23 12:30:17","alterado":"2026-04-23 12:47:38"},{"id":4163,"titulo":"Resolu\u00e7\u00e3o N\u00ba 01\/2026. Disp\u00f5e sobre a aprova\u00e7\u00e3o do Plano lnstitucional Estrat\u00e9gico da C\u00e2mara Municipal de ltabaiana\/SE e d\u00e1 outras provid\u00eancias.","numero":"01\/2026","categoria_id":5,"slug":"resolucao-no-01-2026-dispoe-sobre-a-aprovacao-do-plano-lnstitucional-estrategico-da-camara-municipal-de-ltabaiana-se-e-da-outras-providencias","descricao":"\u003Cp\u003EDisp\u0026otilde;e sobre a aprova\u0026ccedil;\u0026atilde;o do Plano lnstitucional Estrat\u0026eacute;gico da C\u0026acirc;mara Municipal de ltabaiana\/SE e d\u0026aacute; outras provid\u0026ecirc;ncias.\u003C\/p\u003E","tags":"plano,institucional,camara,municipal","criado":"2026-04-23 12:26:41","alterado":"2026-04-23 12:43:46"}],"arquivos":[]}