{"categorias":[{"id":2,"nome":"Decreto","slug":"decreto","criado":"2021-09-21 15:19:15","alterado":"2026-04-22 13:08:01"},{"id":1,"nome":"Lei","slug":"lei","criado":"2021-09-21 15:19:15","alterado":"2026-04-22 13:08:09"},{"id":10,"nome":"Portaria","slug":"portaria","criado":"2024-05-14 12:10:49","alterado":"2026-04-22 13:07:36"},{"id":7,"nome":"Projeto de Decreto","slug":"projeto-de-decreto","criado":"2023-03-21 08:45:22","alterado":"2024-08-16 11:08:15"},{"id":6,"nome":"Projeto de Lei","slug":"projeto-de-lei","criado":"2023-03-17 14:46:15","alterado":"2024-08-16 11:08:58"},{"id":5,"nome":"Resolu\u00e7\u00e3o","slug":"resolucao","criado":"2021-09-21 15:19:15","alterado":"2026-04-22 13:07:52"}],"categoria":null,"paginacao":{"atual":2,"proxima":3,"anterior":1,"total_registros":4101,"total_paginas":274},"itens":[{"id":4149,"titulo":"Projeto de Lei N\u00ba 273\/2025 - Institui no calend\u00e1rio oficial do munic\u00edpio a \u0022Semana Municipal da Esperan\u00e7a\u0022, destinada \u00e0 conscientiza\u00e7\u00e3o e incentivo \u00e0 doa\u00e7\u00e3o de medula \u00f3ssea e sangue","numero":"273\/2025","categoria_id":6,"autores":"16","slug":"projeto-de-lei-no-273-2025-institui-no-calendario-oficial-do-municipio-a-semana-municipal-da-esperanca-destinada-a-conscientizacao-e-incentivo-a-doacao-de-medula-ossea-e-sangue","criado":"2026-03-03 14:13:28","alterado":"2026-03-03 14:13:28"},{"id":4148,"titulo":"Projeto de Lei N\u00ba 324\/2025 - Disp\u00f5e sobre a denomina\u00e7\u00e3o da Rua Dr. Ormeil C\u00e2mera de Oliveira no residencial Serapi\u00e3o Ant\u00f4nio de Gois","numero":"324\/2025","categoria_id":6,"autores":"243","slug":"projeto-de-lei-no-324-2025-dispoe-sobre-a-denominacao-da-rua-dr-ormeil-camera-de-oliveira-no-residencial-serapiao-antonio-de-gois","criado":"2026-03-02 11:14:45","alterado":"2026-03-02 11:14:45"},{"id":4147,"titulo":"Projeto de Lei N\u00ba 294\/2025 - Disp\u00f5e sobre a denomina\u00e7\u00e3o da Rua Maycon Lima Ramos no residencial Serapi\u00e3o Ant\u00f4nio de Gois","numero":"294\/2025","categoria_id":6,"autores":"243","slug":"projeto-de-lei-no-294-2025-dispoe-sobre-a-denominacao-da-rua-maycon-lima-ramos-no-residencial-serapiao-antonio-de-gois","criado":"2026-03-02 11:13:47","alterado":"2026-03-02 11:13:47"},{"id":4146,"titulo":"Projeto de Lei N\u00ba 293\/2025 - Altera a Lei Municipal n\u00ba 1.481, de 20 de junho de 2011, que disp\u00f5e sobre o Regulamento do Sistema de Transporte e Presta\u00e7\u00e3o de Servi\u00e7o atrav\u00e9s de Motocicletas, denominado Moto-T\u00e1xi","numero":"293\/2025","categoria_id":6,"autores":"243","slug":"projeto-de-lei-no-293-2025-altera-a-lei-municipal-no-1-481-de-20-de-junho-de-2011-que-dispoe-sobre-o-regulamento-do-sistema-de-transporte-e-prestacao-de-servico-atraves-de-motocicletas-denominado-moto-taxi","criado":"2026-03-02 11:12:43","alterado":"2026-03-02 11:12:43"},{"id":4145,"titulo":"Projeto de Lei N\u00ba 289\/2025 - Disp\u00f5e sobre a prioridade no atendimento fisioter\u00e1pico para homens submetidos a procedimentos prost\u00e1ticos no munic\u00edpio de Itabaiana\/SE","numero":"289\/2025","categoria_id":6,"autores":"243","slug":"projeto-de-lei-no-289-2025-dispoe-sobre-a-prioridade-no-atendimento-fisioterapico-para-homens-submetidos-a-procedimentos-prostaticos-no-municipio-de-itabaiana-se","criado":"2026-03-02 11:11:55","alterado":"2026-03-02 11:11:55"},{"id":4144,"titulo":"Projeto de Lei N\u00ba 269\/2025 - Disp\u00f5e sobre a garantia de atendimento priorit\u00e1rio nos servi\u00e7os de sa\u00fade e assist\u00eancia social da rede p\u00fablica municipal \u00e0s m\u00e3es, pais at\u00edpicos e cuidadores designados no munic\u00edpio de Itabaiana\/SE","numero":"269\/2025","categoria_id":6,"autores":"243","slug":"projeto-de-lei-no-269-2025-dispoe-sobre-a-garantia-de-atendimento-prioritario-nos-servicos-de-saude-e-assistencia-social-da-rede-publica-municipal-as-maes-pais-atipicos-e-cuidadores-designados-no-municipio-de-itabaiana-se","criado":"2026-03-02 11:11:06","alterado":"2026-03-02 11:11:06"},{"id":4143,"titulo":"Projeto de Lei N\u00ba 251\/2025 - Disp\u00f5e sobre a prioridade no atendimento fisioter\u00e1pico para mulheres submetidas \u00e0 mastectomia no munic\u00edpio de Itabaiana\/SE e d\u00e1 outras provid\u00eancias. Projeto de Lei \u0022Amparo \u00e0 Mulher P\u00f3s-Mastectomia\u0022","numero":"251\/2025","categoria_id":6,"autores":"243","slug":"projeto-de-lei-no-251-2025-dispoe-sobre-a-prioridade-no-atendimento-fisioterapico-para-mulheres-submetidas-a-mastectomia-no-municipio-de-itabaiana-se-e-da-outras-providencias-projeto-de-lei-amparo-a-mulher-pos-mastectomia","criado":"2026-03-02 11:10:17","alterado":"2026-03-02 11:10:17"},{"id":4142,"titulo":"Projeto de Lei N\u00ba 241\/2025 - Disp\u00f5e sobre a denomina\u00e7\u00e3o da Rua Risoleta Menezes Santos no Bairro Marcela","numero":"241\/2025","categoria_id":6,"autores":"243","slug":"projeto-de-lei-no-241-2025-dispoe-sobre-a-denominacao-da-rua-risoleta-menezes-santos-no-bairro-marcela","criado":"2026-03-02 11:09:29","alterado":"2026-03-02 11:09:29"},{"id":4141,"titulo":"Projeto de Lei N\u00ba 236\/2025 - Autoriza o Poder Executivo Municipal a promover a capacita\u00e7\u00e3o em no\u00e7\u00f5es de primeiros socorros para professores e funcion\u00e1rios dos estabelecimentos de ensino da rede p\u00fablica municipal","numero":"236\/2025","categoria_id":6,"autores":"243","slug":"projeto-de-lei-no-236-2025-autoriza-o-poder-executivo-municipal-a-promover-a-capacitacao-em-nocoes-de-primeiros-socorros-para-professores-e-funcionarios-dos-estabelecimentos-de-ensino-da-rede-publica-municipal","criado":"2026-03-02 11:08:20","alterado":"2026-03-02 11:08:20"},{"id":4140,"titulo":"Projeto de Lei N\u00ba 235\/2025 - Disp\u00f5e sobre a cria\u00e7\u00e3o e institui\u00e7\u00e3o do selo \u0022Escola Amiga do Autista\u0022, no \u00e2mbito do munic\u00edpio de Itabaiana","numero":"235\/2025","categoria_id":6,"autores":"243","slug":"projeto-de-lei-no-235-2025-dispoe-sobre-a-criacao-e-instituicao-do-selo-escola-amiga-do-autista-no-ambito-do-municipio-de-itabaiana","criado":"2026-03-02 11:07:08","alterado":"2026-03-02 11:07:08"},{"id":4139,"titulo":"Projeto de Lei N\u00ba 220\/2025 - Disp\u00f5e sobre a cria\u00e7\u00e3o de Salas Multissensoriais para autorregula\u00e7\u00e3o de alunos autistas e neuroat\u00edpicos nas institui\u00e7\u00f5es de ensino da rede p\u00fablica do Munic\u00edpio","numero":"220\/2025","categoria_id":6,"autores":"243","slug":"projeto-de-lei-no-220-2025-dispoe-sobre-a-criacao-de-salas-multissensoriais-para-autorregulacao-de-alunos-autistas-e-neuroatipicos-nas-instituicoes-de-ensino-da-rede-publica-do-municipio","criado":"2026-03-02 11:06:20","alterado":"2026-03-02 11:06:20"},{"id":4138,"titulo":"Projeto de Lei N\u00ba 204\/2025 - Disp\u00f5e sobre a cria\u00e7\u00e3o do Programa Municipal de Transporte Social Especial para crian\u00e7as e adolescentes neurodivergentes, com S\u00edndrome de Down e defici\u00eancia no \u00e2mbito do Munic\u00edpio","numero":"204\/2025","categoria_id":6,"autores":"243","slug":"projeto-de-lei-no-204-2025-dispoe-sobre-a-criacao-do-programa-municipal-de-transporte-social-especial-para-criancas-e-adolescentes-neurodivergentes-com-sindrome-de-down-e-deficiencia-no-ambito-do-municipio","criado":"2026-03-02 11:03:00","alterado":"2026-03-02 11:03:00"},{"id":4137,"titulo":"Projeto de Lei N\u00ba 171\/2025 - Disp\u00f5e sobre a cria\u00e7\u00e3o da Pol\u00edtica Municipal de Prote\u00e7\u00e3o aos Direitos da Pessoa com Fibromialgia","numero":"171\/2025","categoria_id":6,"autores":"243","slug":"projeto-de-lei-no-171-2025-dispoe-sobre-a-criacao-da-politica-municipal-de-protecao-aos-direitos-da-pessoa-com-fibromialgia","criado":"2026-03-02 11:02:00","alterado":"2026-03-02 11:02:00"},{"id":4136,"titulo":"Projeto de Lei N\u00ba 169\/2025 - Disp\u00f5e sobre a cria\u00e7\u00e3o da Pol\u00edtica Municipal de Prote\u00e7\u00e3o e Bem-Estar Animal e sobre a obrigatoriedade de custeio do tratamento veterin\u00e1rio por parte dos autores de maus tratos a animais","numero":"169\/2025","categoria_id":6,"autores":"243","slug":"projeto-de-lei-no-169-2025-dispoe-sobre-a-criacao-da-politica-municipal-de-protecao-e-bem-estar-animal-e-sobre-a-obrigatoriedade-de-custeio-do-tratamento-veterinario-por-parte-dos-autores-de-maus-tratos-a-animais","criado":"2026-03-02 11:01:14","alterado":"2026-03-02 11:01:14"},{"id":4135,"titulo":"Projeto de Decreto Legislativo N\u00ba 57\/2025 - Concede T\u00edtulo de Cidad\u00e3o Itabaianense ao Sr. Adinaldo Lima Neto","numero":"57\/2025","categoria_id":7,"autores":"243","slug":"projeto-de-decreto-legislativo-no-57-2025-concede-titulo-de-cidadao-itabaianense-ao-sr-adinaldo-lima-neto","criado":"2026-03-02 10:59:35","alterado":"2026-03-02 10:59:35"}],"ano":null,"busca":null}