{"categorias":[{"id":11,"nome":"Acordos ou Parcerias","slug":"acordos-ou-parcerias","criado":"2021-09-21 15:23:52","alterado":"2026-04-23 14:35:11"},{"id":17,"nome":"Atas de Ades\u00e3o - SRP","slug":"atas-de-adesao-srp","criado":"2024-07-16 16:23:31","alterado":"2024-07-16 17:17:08"},{"id":1,"nome":"Chamada P\u00fablica","slug":"chamada-publica","criado":"2021-09-21 15:23:52"},{"id":2,"nome":"Concorr\u00eancia P\u00fablica","slug":"concorrencia-publica","criado":"2021-09-21 15:23:52"},{"id":13,"nome":"Contratos","slug":"contratos","criado":"2024-05-14 12:14:12","alterado":"2024-05-14 12:14:12"},{"id":3,"nome":"Convite","slug":"convite","criado":"2021-09-21 15:23:52"},{"id":4,"nome":"Dispensa de Licita\u00e7\u00e3o","slug":"dispensa-d-licitacao","criado":"2021-09-21 15:23:52"},{"id":16,"nome":"Fiscais de Contrato","slug":"fiscais-de-contrato","criado":"2024-05-15 18:12:49","alterado":"2024-05-15 18:13:29"},{"id":5,"nome":"Inexigibilidade","slug":"inexigibilidade","criado":"2021-09-21 15:23:52"},{"id":6,"nome":"Leil\u00e3o","slug":"leilao","criado":"2021-09-21 15:23:52"},{"id":10,"nome":"Licita\u00e7\u00e3o Dispensada","slug":"licitacao-dispensada","criado":"2021-09-21 15:23:52"},{"id":12,"nome":"Licitantes Sancionados","slug":"licitantes-sancionados","criado":"2024-05-14 12:03:09","alterado":"2024-05-14 12:03:09"},{"id":15,"nome":"Obras Paralisadas","slug":"obras-paralisadas","criado":"2024-05-14 12:17:17","alterado":"2024-05-14 12:17:17"},{"id":14,"nome":"Obras P\u00fablicas","slug":"obras-publicas","criado":"2024-05-14 12:16:52","alterado":"2024-05-15 19:31:07"},{"id":7,"nome":"Preg\u00e3o Eletr\u00f4nico","slug":"pregao-eletronico","criado":"2021-09-21 15:23:52"},{"id":8,"nome":"Preg\u00e3o Presencial","slug":"pregao-presencial","criado":"2021-09-21 15:23:52"},{"id":19,"nome":"Quantitativos e Pre\u00e7os","slug":"quantitativos-e-precos","criado":"2026-04-24 14:34:32","alterado":"2026-04-24 14:34:32"},{"id":18,"nome":"Rela\u00e7\u00e3o dos Contratos","slug":"relacao-dos-contratos","criado":"2025-07-11 09:05:56","alterado":"2025-07-11 10:03:10"},{"id":9,"nome":"Tomada de Pre\u00e7o","slug":"tomada-de-preco","criado":"2021-09-21 15:23:52"}],"categoria":null,"orgaos":[{"id":"1","0":"1","nome":"C\u00e2mara Municipal de Itabaiana","1":"C\u00e2mara Municipal de Itabaiana","slug":"camara-municipal-de-itabaiana","2":"camara-municipal-de-itabaiana","criado":"2021-09-21 15:24:52","3":"2021-09-21 15:24:52","alterado":null,"4":null,"log":null,"5":null,"6":"1"}],"orgao":null,"situacao":null,"paginacao":{"atual":4,"proxima":5,"anterior":3,"total_registros":336,"total_paginas":23},"itens":[{"id":292,"titulo":"Inexigibilidade N\u00ba 02\/2025","numero":"02\/2025","valor":"11713.88","objeto":"Contrata\u00e7\u00e3o de empresa para fornecimento cont\u00ednuo de \u00e1gua pot\u00e1vel e servi\u00e7os de esgotamento sanit\u00e1rio para a C\u00e2mara Municipal de Itabaiana\/SE.","orgao_id":1,"categoria_id":5,"tags":"\u00e1guna,pot\u00e1vel,fornecimento,cont\u00ednuo","texto":"\u003Cp\u003ECONTRATADO: IGU\u0026Aacute; SERGIPE S.A.\u0026nbsp;\u003C\/p\u003E","slug":"inexigibilidade-no-02-2025","criado":"2025-06-06 11:25:40","alterado":"2025-07-10 10:15:46"},{"id":301,"titulo":"Ata de Registro de Pre\u00e7os N\u00ba 02\/2025","numero":"02\/2025","objeto":"Contrata\u00e7\u00e3o de empresa para fornecimento de G\u00eaneros de Alimenta\u00e7\u00e3o para utiliza\u00e7\u00e3o da C\u00e2mara Municipal de Itabaiana\/SE.","orgao_id":1,"categoria_id":17,"texto":"\u003Cp\u003EFORNECEDORES: MA COMERCIAL DE ALIMENTOS LTDA; EDINEIDE PASSOS MENDONCA.\u003C\/p\u003E","slug":"ata-de-registro-de-precos-no-02-2025","criado":"2025-07-10 12:17:16","alterado":"2025-07-10 12:24:11"},{"id":305,"titulo":"Contrato N\u00ba 02\/2025","numero":"02\/2025","valor":"4516.50","objeto":"Contrata\u00e7\u00e3o de empresa para fornecimento de microfones profissionais de alta sensibilidade, com base para mesa e suporte flex\u00edvel com capsula de condensador, sa\u00edda XLR para plen\u00e1rio da C\u00e2mara Municipal de Itabaiana\/SE.","orgao_id":1,"categoria_id":13,"texto":"\u003Cp\u003EContratado(a): CENTRAL NET INFORMATICA LTDA ME\u0026nbsp;\u003C\/p\u003E","slug":"contrato-no-02-2025","criado":"2025-07-11 08:34:22","alterado":"2025-12-30 12:12:32"},{"id":322,"titulo":"Preg\u00e3o Eletr\u00f4nico N\u00ba 02\/2025","numero":"02\/2025","publicacao":"2025-09-16 00:00:00","situacao":1,"objeto":"Contrata\u00e7\u00e3o de empresa especializada no servi\u00e7o de loca\u00e7\u00e3o de ve\u00edculos leves para utiliza\u00e7\u00e3o de Agentes Pol\u00edticos da C\u00e2mara Municipal de Itabaiana.","orgao_id":1,"categoria_id":7,"tags":"loca\u00e7\u00e3o,carros,suv,hatch","texto":"\u003Cp\u003ELink PNCP:\u003C\/p\u003E\r\n\u003Cp\u003E\u003Ca href=\u0022https:\/\/pncp.gov.br\/app\/editais\/16452088000112\/2025\/26\u0022\u003Ehttps:\/\/pncp.gov.br\/app\/editais\/16452088000112\/2025\/26\u003C\/a\u003E\u003C\/p\u003E\r\n\u003Cp\u003E\u0026nbsp;\u003C\/p\u003E","slug":"pregao-eletronico-no-02-2025","criado":"2025-09-16 22:41:30","alterado":"2025-09-16 22:45:05"},{"id":272,"titulo":"Dispensa de Licita\u00e7\u00e3o N\u00ba 01\/2025 - Simplificada","numero":"01\/2025","valor":"7429.00","objeto":"Contrata\u00e7\u00e3o de empresa para fornecimento de carteiras de identifica\u00e7\u00e3o, com chaveiro, c\u00e9dula, b\u00f3ton, chaveiro e adesivo, al\u00e9m de cart\u00e3o em PVC e agendas executivas para os dezessete Vereadores da C\u00e2mara Municipal de Itabaiana","orgao_id":1,"categoria_id":4,"tags":"carteria,vereador","texto":"\u003Cp\u003EVENCEDOR: A F BRITO MOREIRA LTDA (CNPJ: 19.522.415\/0001-53).\u003C\/p\u003E","slug":"dispensa-de-licitacao-no-01-2025-simplificada","criado":"2025-01-23 08:22:11","alterado":"2025-08-21 12:13:25"},{"id":273,"titulo":"Inexigibilidade N\u00ba 01\/2025","numero":"01\/2025","valor":"390000.00","orgao_id":1,"categoria_id":5,"tags":"contabilidade","texto":"\u003Cp\u003EERPAC \u0026ndash; ESCRIT\u0026Oacute;RIO REGIONAL DE PROCURADORIA E ASSIST\u0026Ecirc;NCIA CONT\u0026Aacute;BIL (CNPJ 13.086.723\/0001-05)\u003C\/p\u003E","slug":"inexigibilidade-no-01-2025","criado":"2025-01-23 08:24:14","alterado":"2025-01-23 08:24:14"},{"id":283,"titulo":"Preg\u00e3o Eletr\u00f4nico 01\/2025","numero":"01\/2025","publicacao":"2025-04-02 00:00:00","abertura":"2025-04-23 00:00:00","situacao":1,"objeto":"A presente licita\u00e7\u00e3o tem como objeto a contrata\u00e7\u00e3o de pessoa jur\u00eddica para a presta\u00e7\u00e3o de servi\u00e7os\r\nterceirizados de supervis\u00e3o, jardinagem e vigia (desarmado) para a C\u00e2mara Municipal de Itabaiana\/SE,\r\ncom fornecimento de uniformes e materiais, conforme as especifica\u00e7\u00f5es t\u00e9cnicas constantes no Anexo\r\nI \u2013 Termo de Refer\u00eancia;","orgao_id":1,"categoria_id":7,"texto":"\u003Cp\u003EO Pregoeiro da C\u0026acirc;mara \u0026nbsp;Municipal de Itabaiana, em atendimento \u0026agrave;s disposi\u0026ccedil;\u0026otilde;es legais torna p\u0026uacute;blico, para conhecimento de todos, a realiza\u0026ccedil;\u0026atilde;o de licita\u0026ccedil;\u0026atilde;o, na modalidade acima especificada, e mediante informa\u0026ccedil;\u0026otilde;es a seguir: \u0026nbsp;\u003C\/p\u003E\r\n\u003Cp\u003E\u003Cstrong\u003EOBJETO:\u003C\/strong\u003E A presente licita\u0026ccedil;\u0026atilde;o tem como objeto a contrata\u0026ccedil;\u0026atilde;o de pessoa jur\u0026iacute;dica para a presta\u0026ccedil;\u0026atilde;o de servi\u0026ccedil;os terceirizados de supervis\u0026atilde;o, jardinagem e vigia (desarmado) para a C\u0026acirc;mara Municipal de Itabaiana\/SE, com fornecimento de uniformes e materiais\u003C\/p\u003E\r\n\u003Cp\u003E\u003Cstrong\u003EIN\u0026Iacute;CIO DE ACOLHIMENTO DAS PROPOSTAS COMERCIAIS:\u003C\/strong\u003E\u003Cbr \/\u003E03\/04\/2025 (tr\u0026ecirc;s de abril de dois mil e cinco) a partir das 15:00h (quinze horas) \u0026ndash; Hor\u0026aacute;rio de Bras\u0026iacute;lia;\u003Cbr \/\u003E\u003Cstrong\u003ELIMITE DE ACOLHIMENTO DAS PROPOSTAS COMERCIAIS:\u003C\/strong\u003E\u003Cbr \/\u003E23\/04\/2025 (vinte e tr\u0026ecirc;s de abril de dois mil e vinte e cinco) \u0026agrave;s 07:00h (sete horas) \u0026ndash; Hor\u0026aacute;rio de Bras\u0026iacute;lia;\u003Cbr \/\u003E\u003Cstrong\u003EABERTURA DAS PROPOSTAS COMERCIAIS E DA SESS\u0026Atilde;O DO PREG\u0026Atilde;O ELETR\u0026Ocirc;NICO:\u003C\/strong\u003E\u003Cbr \/\u003E23\/04\/2025 (vinte e tr\u0026ecirc;s de abril de dois mil e vinte e cinco) \u0026agrave;s 08:30: (oito horas e trinta minutos) \u0026ndash; Hor\u0026aacute;rio de Bras\u0026iacute;lia\u003C\/p\u003E\r\n\u003Cp\u003EO Edital, e informa\u0026ccedil;\u0026otilde;es complementares, encontram-se \u0026agrave; disposi\u0026ccedil;\u0026atilde;o dos interessados, na C\u0026acirc;mara Municipal de Itabaiana\/SE, situada no endere\u0026ccedil;o Rua Sebasti\u0026atilde;o Oliveira, N\u0026ordm; 04, CEP: 49504-093 de Segunda-feira \u0026agrave; Sexta-feira, em dias de expediente, no hor\u0026aacute;rio das 07:00h \u0026agrave;s 12:00h, ou pelo site www.cmitabaiana.se.gov.br, https:\/\/www.licitanet.com.br\/, ou atrav\u0026eacute;s do e-mail: licitacao@cmitabaiana.se.gov.br.\u003C\/p\u003E","slug":"pregao-eletronico-01-2025","criado":"2025-03-24 13:38:36","alterado":"2025-04-04 11:06:02"},{"id":286,"titulo":"Nota Explicativa - Ano 2025","numero":"01\/2025","objeto":"Nota Explicativa - Ano 2025","orgao_id":1,"categoria_id":12,"tags":"sancionado,licitantes,administrativamente","texto":"\u003Cp\u003ELicitantes e\/ou contratados sancionados administrativamente pelo Poder ou \u0026oacute;rg\u0026atilde;o - Ano 2025.\u003C\/p\u003E","slug":"nota-explicativa-ano-2025","criado":"2025-04-30 10:45:52","alterado":"2025-07-10 13:14:07"},{"id":287,"titulo":"Ata de Registro de Pre\u00e7os N\u00ba 01\/2025","numero":"01\/2025","objeto":"Contrata\u00e7\u00e3o de empresa para fornecimento de Materiais de Expediente para utiliza\u00e7\u00e3o da C\u00e2mara Municipal de Itabaiana\/SE.","orgao_id":1,"categoria_id":17,"texto":"\u003Cp\u003EFORNECEDORES: LIVRARIA E PAPELARIA ITABAIANA LTDA; MARIA ROSENIR FONTES DOS SANTOS 69412979568\u003C\/p\u003E","slug":"ata-de-registro-de-precos-no-01-2025","criado":"2025-05-05 11:57:04","alterado":"2025-07-10 12:27:10"},{"id":288,"titulo":"Fiscais de Contrato - Ano 2025","numero":"01\/2025","objeto":"Rela\u00e7\u00e3o de Gestores e Fiscais de Contratos - Ano 2025","orgao_id":1,"categoria_id":16,"texto":"\u003Cp\u003EFiscais de Contrato - Ano 2025\u003C\/p\u003E","slug":"fiscais-de-contrato-ano-2025","criado":"2025-05-05 12:15:07","alterado":"2026-04-10 11:17:59"},{"id":289,"titulo":"Nota Explicativa - Ano 2025","numero":"01\/2025","orgao_id":1,"categoria_id":14,"texto":"\u003Cp\u003ERealiza\u0026ccedil;\u0026atilde;o de obras p\u0026uacute;blicas no \u0026acirc;mbito da C\u0026acirc;mara Municipal\u003C\/p\u003E","slug":"nota-explicativa-ano-2025","criado":"2025-05-08 08:59:28","alterado":"2026-04-24 14:03:45"},{"id":304,"titulo":"Contrato N\u00ba 01\/2025","numero":"01\/2025","valor":"390000.00","objeto":"Presta\u00e7\u00e3o de servi\u00e7os t\u00e9cnicos especializados de natureza predominantemente intelectual na \u00e1rea de Contabilidade P\u00fablica.","orgao_id":1,"categoria_id":13,"texto":"\u003Cp\u003EContratado(a): ERPAC \u0026ndash; ESCRIT\u0026Oacute;RIO REGIONAL DE PROCURADORIA E ASSIST\u0026Ecirc;NCIA CONT\u0026Aacute;BIL\u0026nbsp;\u003C\/p\u003E","slug":"contrato-no-01-2025","criado":"2025-07-11 08:29:38","alterado":"2025-12-30 12:13:52"},{"id":311,"titulo":"Rela\u00e7\u00e3o dos Contratos Celebrados - Ano 2025","numero":"01\/2025","orgao_id":1,"categoria_id":18,"texto":"\u003Cp\u003ERela\u0026ccedil;\u0026atilde;o dos Contratos Celebrados - Ano 2025\u003C\/p\u003E","slug":"relacao-dos-contratos-celebrados-ano-2025","criado":"2025-07-11 12:25:36","alterado":"2025-07-11 12:25:36"},{"id":315,"titulo":"Nota Explicativa - Ano 2025","numero":"01\/2025","orgao_id":1,"categoria_id":15,"texto":"\u003Cp\u003EObras Paralisadas\u003C\/p\u003E","slug":"nota-explicativa-ano-2025","criado":"2025-07-14 10:52:05","alterado":"2026-01-26 11:56:11"},{"id":327,"titulo":"Ades\u00e3o a ARP N\u00ba 01\/2025","numero":"01\/2025","valor":"404302.00","objeto":"Contrata\u00e7\u00e3o de empresa especializada para a loca\u00e7\u00e3o de equipamentos de videomonitoramento e cercamento eletr\u00f4nico para atender \u00e0s necessidades desta C\u00e2mara.","orgao_id":1,"categoria_id":17,"texto":"\u003Cp\u003ECONTRATADO: MASTER SOLU\u0026Ccedil;\u0026Otilde;ES LTDA, pessoa jur\u0026iacute;dica de direito privado, inscrita no CNPJ sob o n\u0026ordm; 24.646.855\/0001-52.\u003C\/p\u003E\r\n\u003Cp\u003ELINK PNCP:\u0026nbsp;\u003C\/p\u003E\r\n\u003Cp\u003Ehttps:\/\/pncp.gov.br\/app\/editais\/16452088000112\/2025\/31\u003C\/p\u003E","slug":"adesao-a-arp-no-01-2025","criado":"2025-12-23 18:59:17","alterado":"2025-12-23 18:59:42"}],"busca":null,"ano":null}