{"item":{"id":3697,"categoria_id":3,"titulo":"Mo\u00e7\u00e3o de Congratula\u00e7\u00e3o N\u00ba 522\/2025 - \u00c0 banda Ed Banda, em reconhecimento ao seu memor\u00e1vel show na Micarana 2025","numero":"522\/2025","slug":"mocao-de-congratulacao-no-522-2025-a-banda-ed-banda-em-reconhecimento-ao-seu-memoravel-show-na-micarana-2025","autor":"Jose Amancio De Oliveira Leite Lima (PP)","publicada":"2025-09-01 00:00:00","criado":"2026-09-02 07:52:27","alterado":"2026-09-02 07:52:27"},"autores":[],"outros":[{"id":3702,"categoria_id":2,"titulo":"Requerimento N\u00ba 23\/2025 - Convoca\u00e7\u00e3o do presidente da Associa\u00e7\u00e3o Itabaianense dos Universit\u00e1rios (AIU), Sr. Michel Tavares de Jesus","numero":"23\/2025","slug":"requerimento-no-23-2025-convocacao-do-presidente-da-associacao-itabaianense-dos-universitarios-aiu-sr-michel-tavares-de-jesus","autor":"Jose Amancio De Oliveira Leite Lima (PP)","publicada":"2025-05-27 00:00:00","criado":"2026-09-02 07:57:10","alterado":"2026-09-02 07:57:10"},{"id":3701,"categoria_id":2,"titulo":"Requerimento N\u00ba 07\/2025 - Convoca\u00e7\u00e3o do presidente da Associa\u00e7\u00e3o Itabaianense dos Universit\u00e1rios (AIU), Sr. Michel Tavares de Jesus","numero":"07\/2025","slug":"requerimento-no-07-2025-convocacao-do-presidente-da-associacao-itabaianense-dos-universitarios-aiu-sr-michel-tavares-de-jesus","autor":"Jose Amancio De Oliveira Leite Lima (PP)","publicada":"2025-02-26 00:00:00","criado":"2026-09-02 07:56:24","alterado":"2026-09-02 07:56:24"},{"id":3700,"categoria_id":3,"titulo":"Mo\u00e7\u00e3o de Congratula\u00e7\u00e3o N\u00ba 590\/2025 - Ao Servi\u00e7o de Cirurgia e Traumatologia Bucomaxilofacial do Hospital Regional de Itabaiana","numero":"590\/2025","slug":"mocao-de-congratulacao-no-590-2025-ao-servico-de-cirurgia-e-traumatologia-bucomaxilofacial-do-hospital-regional-de-itabaiana","autor":"Jose Amancio De Oliveira Leite Lima (PP)","publicada":"2025-09-30 00:00:00","criado":"2026-09-02 07:54:41","alterado":"2026-09-02 07:54:41"}],"arquivos":[{"id":3676,"propositura_id":"3697","nome":"Mo\u00e7\u00e3o de Congratula\u00e7\u00e3o N\u00ba 522\/2025 - \u00c0 banda Ed Banda, em reconhecimento ao seu memor\u00e1vel show na Micarana 2025","arquivo":"m-522_61994b08b9bdf65f6521ea.pdf","link":"\/download\/m-522_61994b08b9bdf65f6521ea.pdf","mimetype":"application\/pdf","ext":"pdf","criado":"2026-09-02 07:52:27","alterado":"2026-09-02 07:52:27"}]}