{"categorias":[{"id":2,"nome":"Extraordin\u00e1ria","slug":"extraordinaria","criado":"2021-09-21 15:44:31"},{"id":1,"nome":"Ordin\u00e1ria","slug":"ordinaria","criado":"2021-09-21 15:44:31"}],"categoria":null,"paginacao":{"atual":9,"proxima":10,"anterior":8,"total_registros":760,"total_paginas":51},"itens":[{"id":653,"titulo":"C\u00c2MARA MUNICIPAL DE ITABAIANA-SE - SESS\u00c3O ORDIN\u00c1RIA 18-04-2024","categoria_id":1,"slug":"camara-municipal-de-itabaiana-se-sessao-ordinaria-18-04-2024","dia":"2024-04-18 00:00:00","presidente":231,"vice":17,"pri_secretario":232,"seg_secretario":229,"presente":"228,229,230,231,15,16,14,233,221,18,17","coro":1,"local":"facebook","video":"3789594817995663","embed":"https:\/\/www.facebook.com\/plugins\/video.php?height=314\u0026href=https%3A%2F%2Fwww.facebook.com%2Fcamaradeitabaiana%2Fvideos%2F3789594817995663","descricao":"C\u00c2MARA MUNICIPAL DE ITABAIANA-SE - SESS\u00c3O ORDIN\u00c1RIA 18-04-2024","tags":"C\u00c2MARA MUNICIPAL DE ITABAIANA-SE - SESS\u00c3O ORDIN\u00c1RIA 18-04-2024","criado":"2024-04-18 08:50:46","alterado":"2024-04-18 08:59:59"},{"id":652,"titulo":"C\u00c2MARA MUNICIPAL DE ITABAIANA-SE - SESS\u00c3O ORDIN\u00c1RIA 09-04-2024","categoria_id":1,"slug":"camara-municipal-de-itabaiana-se-sessao-ordinaria-09-04-2024","dia":"2024-04-09 00:00:00","presidente":231,"vice":17,"pri_secretario":232,"seg_secretario":229,"presente":"231","local":"facebook","video":"791246156302533","embed":"https:\/\/www.facebook.com\/plugins\/video.php?height=314\u0026href=https%3A%2F%2Fwww.facebook.com%2Fcamaradeitabaiana%2Fvideos%2F791246156302533","descricao":"C\u00c2MARA MUNICIPAL DE ITABAIANA-SE - SESS\u00c3O ORDIN\u00c1RIA 09-04-2024","tags":"C\u00c2MARA MUNICIPAL DE ITABAIANA-SE - SESS\u00c3O ORDIN\u00c1RIA 09-04-2024","criado":"2024-04-09 08:36:18","alterado":"2024-04-09 08:57:04"},{"id":651,"titulo":"C\u00c2MARA MUNICIPAL DE ITABAIANA-SE - SESS\u00c3O ORDIN\u00c1RIA 04-04-2024","categoria_id":1,"slug":"camara-municipal-de-itabaiana-se-sessao-ordinaria-04-04-2024","dia":"2024-04-04 00:00:00","presidente":231,"vice":17,"pri_secretario":232,"seg_secretario":229,"presente":"228,231,232,5,16,14,233,18","coro":1,"local":"facebook","video":"732722165613876","embed":"https:\/\/www.facebook.com\/plugins\/video.php?height=314\u0026href=https%3A%2F%2Fwww.facebook.com%2Fcamaradeitabaiana%2Fvideos%2F732722165613876","descricao":"C\u00c2MARA MUNICIPAL DE ITABAIANA-SE - SESS\u00c3O ORDIN\u00c1RIA 04-04-2024","tags":"C\u00c2MARA MUNICIPAL DE ITABAIANA-SE - SESS\u00c3O ORDIN\u00c1RIA 04-04-2024","criado":"2024-04-04 09:01:12","alterado":"2024-04-04 09:01:12"},{"id":650,"titulo":"C\u00c2MARA MUNICIPAL DE ITABAIANA-SE - SESS\u00c3O ORDIN\u00c1RIA 02-04-2024","categoria_id":1,"slug":"camara-municipal-de-itabaiana-se-sessao-ordinaria-02-04-2024","dia":"2024-04-02 00:00:00","presidente":231,"vice":17,"pri_secretario":232,"seg_secretario":229,"presente":"231","local":"facebook","video":"1364047464311899","embed":"https:\/\/www.facebook.com\/plugins\/video.php?height=314\u0026href=https%3A%2F%2Fwww.facebook.com%2Fcamaradeitabaiana%2Fvideos%2F1364047464311899","descricao":"C\u00c2MARA MUNICIPAL DE ITABAIANA-SE - SESS\u00c3O ORDIN\u00c1RIA 02-04-2024","tags":"C\u00c2MARA MUNICIPAL DE ITABAIANA-SE - SESS\u00c3O ORDIN\u00c1RIA 02-04-2024","criado":"2024-04-02 08:25:07","alterado":"2024-04-02 08:45:03"},{"id":649,"titulo":"C\u00c2MARA MUNICIPAL DE ITABAIANA-SE - SESS\u00c3O ORDIN\u00c1RIA 26-03-2024","categoria_id":1,"slug":"camara-municipal-de-itabaiana-se-sessao-ordinaria-26-03-2024","dia":"2024-03-26 00:00:00","presidente":231,"vice":17,"pri_secretario":232,"seg_secretario":229,"presente":"228,230,231,232,5,14,18","local":"facebook","video":"909994427486220","embed":"https:\/\/www.facebook.com\/plugins\/video.php?height=314\u0026href=https%3A%2F%2Fwww.facebook.com%2Fcamaradeitabaiana%2Fvideos%2F909994427486220","descricao":"C\u00c2MARA MUNICIPAL DE ITABAIANA-SE - SESS\u00c3O ORDIN\u00c1RIA 26-03-2024","tags":"C\u00c2MARA MUNICIPAL DE ITABAIANA-SE - SESS\u00c3O ORDIN\u00c1RIA 26-03-2024","criado":"2024-03-26 08:29:46","alterado":"2024-03-26 08:42:23"},{"id":648,"titulo":"C\u00c2MARA MUNICIPAL DE ITABAIANA-SE - SESS\u00c3O ORDIN\u00c1RIA 21-03-2024","categoria_id":1,"slug":"camara-municipal-de-itabaiana-se-sessao-ordinaria-21-03-2024","dia":"2024-03-21 00:00:00","presidente":231,"vice":17,"pri_secretario":232,"seg_secretario":229,"presente":"230,231,232,5,221","coro":1,"local":"facebook","video":"930804872057837","embed":"https:\/\/www.facebook.com\/plugins\/video.php?height=314\u0026href=https%3A%2F%2Fwww.facebook.com%2Fcamaradeitabaiana%2Fvideos%2F930804872057837","descricao":"C\u00c2MARA MUNICIPAL DE ITABAIANA-SE - SESS\u00c3O ORDIN\u00c1RIA 21-03-2024","tags":"C\u00c2MARA MUNICIPAL DE ITABAIANA-SE - SESS\u00c3O ORDIN\u00c1RIA 21-03-2024","criado":"2024-03-21 08:39:32","alterado":"2024-03-21 08:39:32"},{"id":647,"titulo":"C\u00c2MARA MUNICIPAL DE ITABAIANA-SE - SESS\u00c3O ORDIN\u00c1RIA 19-03-2024","categoria_id":1,"slug":"camara-municipal-de-itabaiana-se-sessao-ordinaria-19-03-2024","dia":"2024-03-19 00:00:00","presidente":231,"vice":17,"pri_secretario":232,"seg_secretario":229,"presente":"228,229,231,232,5,16,233,221,18","coro":1,"local":"facebook","video":"1444173629542013","embed":"https:\/\/www.facebook.com\/plugins\/video.php?height=314\u0026href=https%3A%2F%2Fwww.facebook.com%2Fcamaradeitabaiana%2Fvideos%2F1444173629542013","descricao":"C\u00c2MARA MUNICIPAL DE ITABAIANA-SE - SESS\u00c3O ORDIN\u00c1RIA 19-03-2024","tags":"C\u00c2MARA MUNICIPAL DE ITABAIANA-SE - SESS\u00c3O ORDIN\u00c1RIA 19-03-2024","criado":"2024-03-19 08:53:04","alterado":"2024-03-19 08:53:04"},{"id":646,"titulo":"C\u00c2MARA MUNICIPAL DE ITABAIANA-SE - SESS\u00c3O ORDIN\u00c1RIA 14-03-2024","categoria_id":1,"slug":"camara-municipal-de-itabaiana-se-sessao-ordinaria-14-03-2024","dia":"2024-03-14 00:00:00","presidente":59,"vice":59,"pri_secretario":59,"seg_secretario":59,"presente":"228,229,230,231,232,5,14,18","coro":1,"local":"facebook","video":"430144176142375","embed":"https:\/\/www.facebook.com\/plugins\/video.php?height=314\u0026href=https%3A%2F%2Fwww.facebook.com%2Fcamaradeitabaiana%2Fvideos%2F430144176142375","descricao":"C\u00c2MARA MUNICIPAL DE ITABAIANA-SE - SESS\u00c3O ORDIN\u00c1RIA 14-03-2024","tags":"C\u00c2MARA MUNICIPAL DE ITABAIANA-SE - SESS\u00c3O ORDIN\u00c1RIA 14-03-2024","criado":"2024-03-14 08:52:40","alterado":"2024-03-14 08:52:40"},{"id":645,"titulo":"C\u00c2MARA MUNICIPAL DE ITABAIANA-SE - SESS\u00c3O ORDIN\u00c1RIA 12-03-2024","categoria_id":1,"slug":"camara-municipal-de-itabaiana-se-sessao-ordinaria-12-03-2024","dia":"2024-03-12 00:00:00","presidente":231,"vice":17,"pri_secretario":232,"seg_secretario":229,"presente":"228,231,232,5,16,233,221,18","coro":1,"local":"facebook","video":"3611907345731563","embed":"https:\/\/www.facebook.com\/plugins\/video.php?height=314\u0026href=https%3A%2F%2Fwww.facebook.com%2Fcamaradeitabaiana%2Fvideos%2F3611907345731563","descricao":"C\u00c2MARA MUNICIPAL DE ITABAIANA-SE - SESS\u00c3O ORDIN\u00c1RIA 12-03-2024","tags":"C\u00c2MARA MUNICIPAL DE ITABAIANA-SE - SESS\u00c3O ORDIN\u00c1RIA 12-03-2024","criado":"2024-03-12 08:47:06","alterado":"2024-03-12 08:47:06"},{"id":644,"titulo":"SESS\u00c3O SOLENE DE ENTREGA DA HONRARIA HELEY DE ABREU","slug":"sessao-solene-de-entrega-da-honraria-heley-de-abreu","dia":"2024-03-08 00:00:00","presidente":231,"vice":17,"pri_secretario":232,"seg_secretario":229,"presente":"231","local":"facebook","video":"417255170804146","embed":"https:\/\/www.facebook.com\/plugins\/video.php?height=314\u0026href=https%3A%2F%2Fwww.facebook.com%2Fcamaradeitabaiana%2Fvideos%2F417255170804146","descricao":"SESS\u00c3O SOLENE DE ENTREGA DA HONRARIA HELEY DE ABREU","tags":"SESS\u00c3O SOLENE DE ENTREGA DA HONRARIA HELEY DE ABREU","criado":"2024-03-08 19:25:55","alterado":"2024-03-08 19:25:55"},{"id":643,"titulo":"C\u00c2MARA MUNICIPAL DE ITABAIANA-SE - SESS\u00c3O ORDIN\u00c1RIA 07-03-2024","categoria_id":1,"slug":"camara-municipal-de-itabaiana-se-sessao-ordinaria-07-03-2024","dia":"2024-03-07 00:00:00","presidente":231,"vice":17,"pri_secretario":232,"seg_secretario":229,"presente":"231","coro":1,"local":"facebook","video":"1059069138724214","embed":"https:\/\/www.facebook.com\/plugins\/video.php?height=314\u0026href=https%3A%2F%2Fwww.facebook.com%2Fcamaradeitabaiana%2Fvideos%2F1059069138724214","descricao":"C\u00c2MARA MUNICIPAL DE ITABAIANA-SE - SESS\u00c3O ORDIN\u00c1RIA 07-03-2024","tags":"C\u00c2MARA MUNICIPAL DE ITABAIANA-SE - SESS\u00c3O ORDIN\u00c1RIA 07-03-2024","criado":"2024-03-07 08:26:58","alterado":"2024-03-07 08:37:49"},{"id":642,"titulo":"C\u00c2MARA MUNICIPAL DE ITABAIANA-SE - SESS\u00c3O ORDIN\u00c1RIA 05-03-2024","categoria_id":1,"slug":"camara-municipal-de-itabaiana-se-sessao-ordinaria-05-03-2024","dia":"2024-03-05 00:00:00","presidente":231,"vice":17,"pri_secretario":232,"seg_secretario":229,"presente":"229,230,231,15,232,227,16,14,233,18","coro":1,"local":"facebook","video":"3696708037244249","embed":"https:\/\/www.facebook.com\/plugins\/video.php?height=314\u0026href=https%3A%2F%2Fwww.facebook.com%2Fcamaradeitabaiana%2Fvideos%2F3696708037244249","descricao":"C\u00c2MARA MUNICIPAL DE ITABAIANA-SE - SESS\u00c3O ORDIN\u00c1RIA 05-03-2024","tags":"C\u00c2MARA MUNICIPAL DE ITABAIANA-SE - SESS\u00c3O ORDIN\u00c1RIA 05-03-2024","criado":"2024-03-05 08:30:39","alterado":"2024-03-05 08:46:52"},{"id":640,"titulo":"C\u00c2MARA MUNICIPAL DE ITABAIANA-SE - SESS\u00c3O ORDIN\u00c1RIA 27-02-2024","categoria_id":1,"slug":"camara-municipal-de-itabaiana-se-sessao-ordinaria-27-02-2024","dia":"2024-02-27 00:00:00","presidente":231,"vice":17,"pri_secretario":232,"seg_secretario":229,"presente":"231,227,14,233,221,18,17","coro":1,"local":"facebook","video":"705213311766975","embed":"https:\/\/www.facebook.com\/plugins\/video.php?height=314\u0026href=https%3A%2F%2Fwww.facebook.com%2Fcamaradeitabaiana%2Fvideos%2F705213311766975","descricao":"C\u00c2MARA MUNICIPAL DE ITABAIANA-SE - SESS\u00c3O ORDIN\u00c1RIA 27-02-2024","tags":"C\u00c2MARA MUNICIPAL DE ITABAIANA-SE - SESS\u00c3O ORDIN\u00c1RIA 27-02-2024","criado":"2024-02-27 08:50:30","alterado":"2024-02-27 08:50:30"},{"id":639,"titulo":"C\u00c2MARA MUNICIPAL DE ITABAIANA-SE - SESS\u00c3O ORDIN\u00c1RIA 22-02-2024","categoria_id":1,"slug":"camara-municipal-de-itabaiana-se-sessao-ordinaria-22-02-2024","dia":"2024-02-22 00:00:00","presidente":231,"vice":17,"pri_secretario":232,"seg_secretario":229,"presente":"229,231,232,227,16,233,221,18,17","coro":1,"local":"facebook","video":"380753924903225","embed":"https:\/\/www.facebook.com\/plugins\/video.php?height=314\u0026href=https%3A%2F%2Fwww.facebook.com%2Fcamaradeitabaiana%2Fvideos%2F380753924903225","descricao":"C\u00c2MARA MUNICIPAL DE ITABAIANA-SE - SESS\u00c3O ORDIN\u00c1RIA 22-02-2024","tags":"C\u00c2MARA MUNICIPAL DE ITABAIANA-SE - SESS\u00c3O ORDIN\u00c1RIA 22-02-2024","criado":"2024-02-22 08:57:27","alterado":"2024-02-22 08:57:27"},{"id":638,"titulo":"C\u00c2MARA MUNICIPAL DE ITABAIANA-SE - SESS\u00c3O ORDIN\u00c1RIA 20-02-2024","categoria_id":1,"slug":"camara-municipal-de-itabaiana-se-sessao-ordinaria-20-02-2024","dia":"2024-02-20 00:00:00","presidente":231,"vice":17,"pri_secretario":232,"seg_secretario":229,"presente":"231","coro":1,"local":"facebook","video":"792865742868990","embed":"https:\/\/www.facebook.com\/plugins\/video.php?height=314\u0026href=https%3A%2F%2Fwww.facebook.com%2Fcamaradeitabaiana%2Fvideos%2F792865742868990","descricao":"C\u00c2MARA MUNICIPAL DE ITABAIANA-SE - SESS\u00c3O ORDIN\u00c1RIA 20-02-2024","tags":"C\u00c2MARA MUNICIPAL DE ITABAIANA-SE - SESS\u00c3O ORDIN\u00c1RIA 20-02-2024","criado":"2024-02-20 08:17:52","alterado":"2024-02-20 08:17:52"}],"ano":null,"busca":null}